{"id":92,"count":6,"description":"","link":"https:\/\/perli.com\/tr\/\u00f6zellik\/isi-ve-ses-yalitimli-duvarlar\/","name":"Is\u0131 ve ses yal\u0131t\u0131ml\u0131 duvarlar","slug":"isi-ve-ses-yalitimli-duvarlar","taxonomy":"property_feature","parent":0,"meta":[],"_links":{"self":[{"href":"https:\/\/perli.com\/tr\/wp-json\/wp\/v2\/property_feature\/92","targetHints":{"allow":["GET"]}}],"collection":[{"href":"https:\/\/perli.com\/tr\/wp-json\/wp\/v2\/property_feature"}],"about":[{"href":"https:\/\/perli.com\/tr\/wp-json\/wp\/v2\/taxonomies\/property_feature"}],"wp:post_type":[{"href":"https:\/\/perli.com\/tr\/wp-json\/wp\/v2\/properties?property_feature=92"}],"curies":[{"name":"wp","href":"https:\/\/api.w.org\/{rel}","templated":true}]}}