{"id":18012,"date":"2022-09-29T13:03:32","date_gmt":"2022-09-29T13:03:32","guid":{"rendered":"http:\/\/perli.com\/?p=18012"},"modified":"2022-10-01T23:39:46","modified_gmt":"2022-10-01T23:39:46","slug":"alanya","status":"publish","type":"post","link":"https:\/\/perli.com\/tr\/bilgi\/alanya\/","title":{"rendered":"Alanya"},"content":{"rendered":"\n<figure class=\"wp-block-image size-large\"><img decoding=\"async\" width=\"1024\" height=\"715\" src=\"http:\/\/perli.com\/wp-content\/uploads\/2022\/09\/alanya-76b31d48ca76056957b037de909c250bfdf18e62-0-1024x715.jpg\" alt=\"\" class=\"wp-image-18013\" srcset=\"https:\/\/perli.com\/wp-content\/uploads\/2022\/09\/alanya-76b31d48ca76056957b037de909c250bfdf18e62-0-1024x715.jpg 1024w, https:\/\/perli.com\/wp-content\/uploads\/2022\/09\/alanya-76b31d48ca76056957b037de909c250bfdf18e62-0-300x209.jpg 300w, https:\/\/perli.com\/wp-content\/uploads\/2022\/09\/alanya-76b31d48ca76056957b037de909c250bfdf18e62-0-768x536.jpg 768w, https:\/\/perli.com\/wp-content\/uploads\/2022\/09\/alanya-76b31d48ca76056957b037de909c250bfdf18e62-0-1536x1072.jpg 1536w, https:\/\/perli.com\/wp-content\/uploads\/2022\/09\/alanya-76b31d48ca76056957b037de909c250bfdf18e62-0-2048x1429.jpg 2048w, https:\/\/perli.com\/wp-content\/uploads\/2022\/09\/alanya-76b31d48ca76056957b037de909c250bfdf18e62-0-860x600.jpg 860w, https:\/\/perli.com\/wp-content\/uploads\/2022\/09\/alanya-76b31d48ca76056957b037de909c250bfdf18e62-0-496x346.jpg 496w\" sizes=\"(max-width: 1024px) 100vw, 1024px\" \/><\/figure>\n\n\n\n<p class=\"wp-block-paragraph\"><\/p>\n\n\n\n<p class=\"wp-block-paragraph\">Alanya, T\u00fcrkiye&#8217;nin Antalya iline ba\u011fl\u0131 Akdeniz&#8217;in k\u0131y\u0131 kesimlerinde yar\u0131mada \u015feklinde bir turizm il\u00e7esidir. Kuzeyinde Toros Da\u011flar\u0131 uzan\u0131r. B\u00f6lgenin en uzun g\u00fcney sahillerine sahip Alanya, 1.598,51 km2&#8217;lik bir alana yay\u0131lm\u0131\u015ft\u0131r. B\u00fcy\u00fck \u00e7o\u011funlu\u011funu T\u00fcrklerin olu\u015fturdu\u011fu il\u00e7emizin n\u00fcfusu T\u00dc\u0130K(T\u00fcrkiye \u0130statistik Kurumu)\u2019in 2016 y\u0131l\u0131 a\u00e7\u0131klamas\u0131na g\u00f6re 291.643\u2019t\u00fcr.<br>&nbsp;<br>Alanya tarih boyunca, Roma, Bizans, Sel\u00e7uklu ve Osmanl\u0131 gibi imparatorluklar i\u00e7in Akdeniz&#8217;de \u00f6nemli bir kale vazifesi g\u00f6rm\u00fc\u015ft\u00fcr. Sel\u00e7uklu zaman\u0131nda, I. Alaeddin Keykubad y\u00f6netimi alt\u0131ndaki b\u00f6lge, jeopolitik bir \u00f6nem kazanm\u0131\u015ft\u0131r. \u015eehrin bug\u00fcnk\u00fc sembollerinden K\u0131z\u0131l Kule, tersane ve Alanya Kalesi bu d\u00f6nemde yap\u0131lm\u0131\u015ft\u0131r.<br>&nbsp;<br>B\u00f6lgede Akdeniz iklimi h\u00fck\u00fcm s\u00fcrmektedir. K\u0131\u015flar\u0131 \u0131l\u0131k ve ya\u011f\u0131\u015fl\u0131, yazlar\u0131 ise s\u0131cak ve kurakt\u0131r. \u0130l\u00e7emiz iklimi sayesinde bir\u00e7ok sportif faaliyet ve k\u00fclt\u00fcrel etkinli\u011fe elveri\u015flidir. Turizm a\u00e7\u0131s\u0131ndan T\u00fcrkiye&#8217;de %9\u2019luk bir paya sahipken Yabanc\u0131lar\u0131n T\u00fcrkiye&#8217;de m\u00fclk al\u0131m\u0131nda ise %30\u2019luk bir paya sahiptir. Turizm, \u00f6zellikle 1958&#8217;lerden sonra geli\u015fmeye ba\u015flayarak, il\u00e7emizdeki en etkin i\u015f kolu haline gelerek b\u00f6lgede n\u00fcfus art\u0131\u015f\u0131n\u0131 meydana getirmi\u015ftir.<br>&nbsp;<br>\u0130l\u00e7emizin ekonomisi b\u00fcy\u00fck \u00f6l\u00e7\u00fcde tar\u0131m ve turizme dayal\u0131d\u0131r. Buna ba\u011fl\u0131 olarakta hizmet sekt\u00f6r\u00fc geli\u015fmi\u015ftir. \u00dcretilen hizmet ve mallar\u0131n tamam\u0131na yak\u0131n\u0131n t\u00fcketimi, \u00e7evrede bulunan turistik otellerde ger\u00e7ekle\u015fmektedir.<br>&nbsp;<br>Alanya, \u00fclke turizminde \u00f6nemli bir paya sahiptir. 1980&#8217;li y\u0131llarda ba\u015flayan turizm at\u0131l\u0131m\u0131 sayesinde \u015fehir, bug\u00fcnk\u00fc halini alm\u0131\u015ft\u0131r. \u0130lk ba\u015flarda apart otellerin yo\u011fun oldu\u011fu il\u00e7emizde, \u015fimdilerde 1.000 ki\u015fi kapasiteli tesislerden 3.500 ki\u015fi kapasiteli devasa tesislere kadar pek \u00e7ok \u00e7e\u015fit ve t\u00fcrde turistik tesis mevcuttur.<br>&nbsp;<br>\u0130KL\u0130M<br>Alanya\u2019da tipik bir Akdeniz iklimi h\u00fck\u00fcm s\u00fcrmektedir. Akdeniz havzas\u0131 k\u0131\u015f\u0131n \u00e7ok fazla ya\u011f\u0131\u015f getirir, yazlar\u0131 ise k\u0131\u015fa oranla daha uzun, s\u0131cak ve ya\u011f\u0131\u015fs\u0131z ge\u00e7er. Pek s\u0131k olmasa da k\u0131y\u0131ya yak\u0131n b\u00f6lgelerde sa\u011fanak ya\u011f\u0131\u015f y\u0131l i\u00e7inde g\u00f6r\u00fcl\u00fcr. Toros Da\u011flar\u0131&#8217;n\u0131n denize yak\u0131n olmas\u0131 sise neden olur ve \u00e7o\u011fu sabah g\u00f6kku\u015fa\u011f\u0131 olu\u015fur. S\u0131kl\u0131kla olmasa da da\u011flar\u0131n y\u00fcksek kesimlerine kar ya\u011fmaktad\u0131r. Alanya&#8217;da deniz suyunun y\u0131ll\u0131k ortalama s\u0131cakl\u0131\u011f\u0131 21,4 \u00b0C (71 \u00b0F), A\u011fustos ay\u0131nda ise 27,9 \u00b0C (82 \u00b0F)&#8217;dir. Deniz suyu s\u0131cakl\u0131\u011f\u0131n\u0131n y\u00fcksek ve g\u00fcne\u015fli g\u00fcn say\u0131s\u0131n\u0131n fazla olmas\u0131 turizmi canl\u0131 tutmak a\u00e7\u0131s\u0131ndan \u00f6nemlidir.<\/p>\n","protected":false},"excerpt":{"rendered":"<p>Akdenizin incisi Alanya\u2019n\u0131n Avsallar Mahallesinde bulunmaktad\u0131r. Gazipa\u015fa Havaliman\u0131na 69 km. 40 dakika Antalya Havaliman\u0131na 104 km. 60 dakika mesafede bulunmaktad\u0131r. <\/p>\n","protected":false},"author":1,"featured_media":18013,"comment_status":"closed","ping_status":"closed","sticky":false,"template":"","format":"standard","meta":{"footnotes":""},"categories":[84],"tags":[],"class_list":["post-18012","post","type-post","status-publish","format-standard","has-post-thumbnail","hentry","category-bilgi"],"_links":{"self":[{"href":"https:\/\/perli.com\/tr\/wp-json\/wp\/v2\/posts\/18012","targetHints":{"allow":["GET"]}}],"collection":[{"href":"https:\/\/perli.com\/tr\/wp-json\/wp\/v2\/posts"}],"about":[{"href":"https:\/\/perli.com\/tr\/wp-json\/wp\/v2\/types\/post"}],"author":[{"embeddable":true,"href":"https:\/\/perli.com\/tr\/wp-json\/wp\/v2\/users\/1"}],"replies":[{"embeddable":true,"href":"https:\/\/perli.com\/tr\/wp-json\/wp\/v2\/comments?post=18012"}],"version-history":[{"count":0,"href":"https:\/\/perli.com\/tr\/wp-json\/wp\/v2\/posts\/18012\/revisions"}],"wp:featuredmedia":[{"embeddable":true,"href":"https:\/\/perli.com\/tr\/wp-json\/wp\/v2\/media\/18013"}],"wp:attachment":[{"href":"https:\/\/perli.com\/tr\/wp-json\/wp\/v2\/media?parent=18012"}],"wp:term":[{"taxonomy":"category","embeddable":true,"href":"https:\/\/perli.com\/tr\/wp-json\/wp\/v2\/categories?post=18012"},{"taxonomy":"post_tag","embeddable":true,"href":"https:\/\/perli.com\/tr\/wp-json\/wp\/v2\/tags?post=18012"}],"curies":[{"name":"wp","href":"https:\/\/api.w.org\/{rel}","templated":true}]}}